{"id":4007,"date":"2026-07-23T22:00:00","date_gmt":"2026-07-23T22:00:00","guid":{"rendered":"https:\/\/pschile.cl\/jschile\/?p=4007"},"modified":"2026-07-24T02:50:29","modified_gmt":"2026-07-24T02:50:29","slug":"resolucion-n020-2026-nuevo-calendario-de-elecciones","status":"publish","type":"post","link":"https:\/\/pschile.cl\/jschile\/resolucion-n020-2026-nuevo-calendario-de-elecciones\/","title":{"rendered":"RESOLUCI\u00d3N N\u00b0020-2026 Nuevo calendario de elecciones"},"content":{"rendered":"\n<p class=\"wp-block-paragraph\">El Tribunal Calificador de Elecciones Nacional de la Juventud Socialista de Chile comunica a la militancia el nuevo calendario de elecciones en atenci\u00f3n a la solicitud de este organismo a la Mesa Nacional de la Juventud Socialista, donde se resuelve que el d\u00eda de votaci\u00f3n ser\u00e1 el domingo 02 de agosto del presente.<\/p>\n\n\n<div class='w3eden'><!-- WPDM Link Template: Default Template -->\n\n<div class=\"link-template-default card mb-2\">\n    <div class=\"card-body\">\n        <div class=\"media\">\n            <div class=\"mr-3 img-48\"><img decoding=\"async\" class=\"wpdm_icon\" alt=\"\u00cdcono\" src=\"https:\/\/pschile.cl\/jschile\/wp-content\/plugins\/download-manager\/assets\/file-type-icons\/pdf.svg\" \/><\/div>\n            <div class=\"media-body\">\n                <h3 class=\"package-title\"><a href='https:\/\/pschile.cl\/jschile\/download\/resolucion-n020-2026\/'>RESOLUCI\u00d3N N\u00b0020-2026<\/a><\/h3>\n                <div class=\"text-muted text-small\"><i class=\"fas fa-copy\"><\/i> 1 archivo(s) <i class=\"fas fa-hdd ml-3\"><\/i> 192.36 KB<\/div>\n            <\/div>\n            <div class=\"ml-3\">\n                <a class='wpdm-download-link download-on-click btn btn-primary ' rel='nofollow' href='#' data-downloadurl=\"https:\/\/pschile.cl\/jschile\/download\/resolucion-n020-2026\/?wpdmdl=4009&refresh=6a9b90c5297c31788580037\">Descargar<\/a>\n            <\/div>\n        <\/div>\n    <\/div>\n<\/div>\n\n<\/div>\n","protected":false},"excerpt":{"rendered":"<p>El Tribunal Calificador de Elecciones Nacional de la Juventud Socialista de Chile comunica a la militancia el nuevo calendario de elecciones en atenci\u00f3n a la solicitud de este organismo a la Mesa Nacional de la Juventud Socialista, donde se resuelve que el d\u00eda de votaci\u00f3n ser\u00e1 el domingo 02 de agosto del presente.<\/p>\n","protected":false},"author":3,"featured_media":3437,"comment_status":"closed","ping_status":"closed","sticky":false,"template":"","format":"standard","meta":{"_acf_changed":false,"_angie_page":false,"page_builder":"","footnotes":""},"categories":[22],"tags":[],"class_list":["post-4007","post","type-post","status-publish","format-standard","has-post-thumbnail","hentry","category-actualidad"],"acf":[],"_links":{"self":[{"href":"https:\/\/pschile.cl\/jschile\/wp-json\/wp\/v2\/posts\/4007","targetHints":{"allow":["GET"]}}],"collection":[{"href":"https:\/\/pschile.cl\/jschile\/wp-json\/wp\/v2\/posts"}],"about":[{"href":"https:\/\/pschile.cl\/jschile\/wp-json\/wp\/v2\/types\/post"}],"author":[{"embeddable":true,"href":"https:\/\/pschile.cl\/jschile\/wp-json\/wp\/v2\/users\/3"}],"replies":[{"embeddable":true,"href":"https:\/\/pschile.cl\/jschile\/wp-json\/wp\/v2\/comments?post=4007"}],"version-history":[{"count":2,"href":"https:\/\/pschile.cl\/jschile\/wp-json\/wp\/v2\/posts\/4007\/revisions"}],"predecessor-version":[{"id":4010,"href":"https:\/\/pschile.cl\/jschile\/wp-json\/wp\/v2\/posts\/4007\/revisions\/4010"}],"wp:featuredmedia":[{"embeddable":true,"href":"https:\/\/pschile.cl\/jschile\/wp-json\/wp\/v2\/media\/3437"}],"wp:attachment":[{"href":"https:\/\/pschile.cl\/jschile\/wp-json\/wp\/v2\/media?parent=4007"}],"wp:term":[{"taxonomy":"category","embeddable":true,"href":"https:\/\/pschile.cl\/jschile\/wp-json\/wp\/v2\/categories?post=4007"},{"taxonomy":"post_tag","embeddable":true,"href":"https:\/\/pschile.cl\/jschile\/wp-json\/wp\/v2\/tags?post=4007"}],"curies":[{"name":"wp","href":"https:\/\/api.w.org\/{rel}","templated":true}]}}