{"id":4012,"date":"2026-07-25T16:35:58","date_gmt":"2026-07-25T16:35:58","guid":{"rendered":"https:\/\/pschile.cl\/jschile\/?p=4012"},"modified":"2026-07-25T16:37:32","modified_gmt":"2026-07-25T16:37:32","slug":"debate-de-listas-a-mesa-nacional-js","status":"publish","type":"post","link":"https:\/\/pschile.cl\/jschile\/debate-de-listas-a-mesa-nacional-js\/","title":{"rendered":"Debate de Listas a Mesa Nacional JS"},"content":{"rendered":"\n<p class=\"wp-block-paragraph\">El Tricel Nacional de la Juventud Socialista de Chile convoca a la militancia a participar del debate de listas correspondientes a la elecci\u00f3n de la Mesa Nacional. <\/p>\n\n\n\n<p class=\"wp-block-paragraph\">Esta instancia representa un hito fundamental en el desarrollo de nuestro proceso democr\u00e1tico interno, dise\u00f1ado para exponer con transparencia y rigor los lineamientos, programas y propuestas de las distintas candidaturas que aspiran a la conducci\u00f3n de nuestra Juventud.<\/p>\n\n\n\n<p class=\"wp-block-paragraph\"><br>Se invita a todas y todos a ser part\u00edcipes de este espacio de deliberaci\u00f3n e informaci\u00f3n pol\u00edtica.<br>Fecha: <strong>Mi\u00e9rcoles 29 de julio<\/strong><br>Horario: <strong>19:30 horas<\/strong><br>Lugar: <strong>Sal\u00f3n Salvador Allende, Par\u00eds 873<\/strong>, comuna de Santiago.<br>Modalidad: H\u00edbrida (A trav\u00e9s de este mismo medio se publicar\u00e1n los datos de conexi\u00f3n)<\/p>\n\n\n\n<p class=\"wp-block-paragraph\"><\/p>\n\n\n\n<figure class=\"wp-block-image size-large\"><img fetchpriority=\"high\" decoding=\"async\" width=\"819\" height=\"1024\" src=\"https:\/\/pschile.cl\/jschile\/wp-content\/uploads\/2026\/07\/debate-listas-29-07-819x1024.jpeg\" alt=\"\" class=\"wp-image-4011\" srcset=\"https:\/\/pschile.cl\/jschile\/wp-content\/uploads\/2026\/07\/debate-listas-29-07-819x1024.jpeg 819w, https:\/\/pschile.cl\/jschile\/wp-content\/uploads\/2026\/07\/debate-listas-29-07-240x300.jpeg 240w, https:\/\/pschile.cl\/jschile\/wp-content\/uploads\/2026\/07\/debate-listas-29-07-768x960.jpeg 768w, https:\/\/pschile.cl\/jschile\/wp-content\/uploads\/2026\/07\/debate-listas-29-07.jpeg 1080w\" sizes=\"(max-width: 819px) 100vw, 819px\" \/><\/figure>\n","protected":false},"excerpt":{"rendered":"<p>El Tricel Nacional de la Juventud Socialista de Chile convoca a la militancia a participar del debate de listas correspondientes a la elecci\u00f3n de la Mesa Nacional. Esta instancia representa un hito fundamental en el desarrollo de nuestro proceso democr\u00e1tico interno, dise\u00f1ado para exponer con transparencia y rigor los lineamientos, programas y propuestas de las distintas candidaturas que aspiran a la conducci\u00f3n de nuestra Juventud. Se invita a todas y todos a ser part\u00edcipes de este espacio de deliberaci\u00f3n e informaci\u00f3n pol\u00edtica.Fecha: Mi\u00e9rcoles 29 de julioHorario: 19:30 horasLugar: Sal\u00f3n Salvador Allende, Par\u00eds 873, comuna de Santiago.Modalidad: H\u00edbrida (A trav\u00e9s de este mismo medio se publicar\u00e1n los datos de conexi\u00f3n)<\/p>\n","protected":false},"author":3,"featured_media":3437,"comment_status":"closed","ping_status":"closed","sticky":false,"template":"","format":"standard","meta":{"_acf_changed":false,"_angie_page":false,"page_builder":"","footnotes":""},"categories":[22],"tags":[],"class_list":["post-4012","post","type-post","status-publish","format-standard","has-post-thumbnail","hentry","category-actualidad"],"acf":[],"_links":{"self":[{"href":"https:\/\/pschile.cl\/jschile\/wp-json\/wp\/v2\/posts\/4012","targetHints":{"allow":["GET"]}}],"collection":[{"href":"https:\/\/pschile.cl\/jschile\/wp-json\/wp\/v2\/posts"}],"about":[{"href":"https:\/\/pschile.cl\/jschile\/wp-json\/wp\/v2\/types\/post"}],"author":[{"embeddable":true,"href":"https:\/\/pschile.cl\/jschile\/wp-json\/wp\/v2\/users\/3"}],"replies":[{"embeddable":true,"href":"https:\/\/pschile.cl\/jschile\/wp-json\/wp\/v2\/comments?post=4012"}],"version-history":[{"count":2,"href":"https:\/\/pschile.cl\/jschile\/wp-json\/wp\/v2\/posts\/4012\/revisions"}],"predecessor-version":[{"id":4014,"href":"https:\/\/pschile.cl\/jschile\/wp-json\/wp\/v2\/posts\/4012\/revisions\/4014"}],"wp:featuredmedia":[{"embeddable":true,"href":"https:\/\/pschile.cl\/jschile\/wp-json\/wp\/v2\/media\/3437"}],"wp:attachment":[{"href":"https:\/\/pschile.cl\/jschile\/wp-json\/wp\/v2\/media?parent=4012"}],"wp:term":[{"taxonomy":"category","embeddable":true,"href":"https:\/\/pschile.cl\/jschile\/wp-json\/wp\/v2\/categories?post=4012"},{"taxonomy":"post_tag","embeddable":true,"href":"https:\/\/pschile.cl\/jschile\/wp-json\/wp\/v2\/tags?post=4012"}],"curies":[{"name":"wp","href":"https:\/\/api.w.org\/{rel}","templated":true}]}}